{"id":1,"date":"2019-07-26T11:45:30","date_gmt":"2019-07-26T09:45:30","guid":{"rendered":"http:\/\/afv-groupe.fr\/?p=1"},"modified":"2019-07-26T16:15:18","modified_gmt":"2019-07-26T14:15:18","slug":"achat-vehicule-professionnel-occasion","status":"publish","type":"post","link":"https:\/\/afv-groupe.fr\/index.php\/2019\/07\/26\/achat-vehicule-professionnel-occasion\/","title":{"rendered":"Achat d\u2019un v\u00e9hicule professionnel d\u2019occasion : quels recours en cas de vice cach\u00e9 ?"},"content":{"rendered":"<div class=\"wpb-content-wrapper\"><p>[vc_row][vc_column][vc_column_text]<\/p>\n<h4>Achat d\u2019un v\u00e9hicule professionnel d\u2019occasion\u00a0: quels recours en cas de vice cach\u00e9\u00a0?<\/h4>\n<p>[\/vc_column_text][vc_column_text]Julie Le Bellec, expert juridique MMA, d\u00e9finit la notion de vice cach\u00e9 et d\u00e9taille vos droits en tant qu\u2019acheteur professionnel&#8230;[\/vc_column_text][\/vc_column][\/vc_row][vc_row][vc_column][vc_video link=\u00a0\u00bbhttps:\/\/youtu.be\/CptC7Osbcvs\u00a0\u00bb align=\u00a0\u00bbcenter\u00a0\u00bb][\/vc_column][\/vc_row][vc_row][vc_column]<div class=\" ubtn-ctn-center \"><a class=\"ubtn-link ult-adjust-bottom-margin ubtn-center ubtn-normal \" href=\"https:\/\/entreprise.mma.fr\/connexionpro\/vice-cache-vehicule.html#.XSNe0BMzZPs?utm_source=Twitter&utm_medium=R\" target=\"_blank\" rel=\"noopener\" ><button type=\"button\" id=\"ubtn-8907\"  class=\"ubtn ult-adjust-bottom-margin ult-responsive ubtn-normal ubtn-fade-bg  ulta-push  ubtn-center   tooltip-69f2c899d33cc\"  data-hover=\"#ffffff\" data-border-color=\"\" data-bg=\"#f08200\" data-hover-bg=\"#283278\" data-border-hover=\"\" data-shadow-hover=\"\" data-shadow-click=\"none\" data-shadow=\"\" data-shd-shadow=\"\"  data-ultimate-target='#ubtn-8907'  data-responsive-json-new='{\"font-size\":\"\",\"line-height\":\"\"}'  style=\"font-weight:normal;border:none;background: #f08200;color: #ffffff;\"><span class=\"ubtn-hover\" style=\"background-color:#283278\"><\/span><span class=\"ubtn-data ubtn-text \" >Lire l&#039;article<\/span><\/button><\/a><\/div>[\/vc_column][\/vc_row]<\/p>\n<\/div>","protected":false},"excerpt":{"rendered":"<p>Julie Le Bellec, expert juridique MMA, d\u00e9finit la notion de vice cach\u00e9 et d\u00e9taille vos droits en tant qu\u2019acheteur professionnel&#8230;<\/p>\n","protected":false},"author":1,"featured_media":100,"comment_status":"closed","ping_status":"open","sticky":false,"template":"","format":"standard","meta":{"footnotes":""},"categories":[1],"tags":[],"class_list":["post-1","post","type-post","status-publish","format-standard","has-post-thumbnail","hentry","category-non-classe","category-1","description-off"],"_links":{"self":[{"href":"https:\/\/afv-groupe.fr\/index.php\/wp-json\/wp\/v2\/posts\/1","targetHints":{"allow":["GET"]}}],"collection":[{"href":"https:\/\/afv-groupe.fr\/index.php\/wp-json\/wp\/v2\/posts"}],"about":[{"href":"https:\/\/afv-groupe.fr\/index.php\/wp-json\/wp\/v2\/types\/post"}],"author":[{"embeddable":true,"href":"https:\/\/afv-groupe.fr\/index.php\/wp-json\/wp\/v2\/users\/1"}],"replies":[{"embeddable":true,"href":"https:\/\/afv-groupe.fr\/index.php\/wp-json\/wp\/v2\/comments?post=1"}],"version-history":[{"count":5,"href":"https:\/\/afv-groupe.fr\/index.php\/wp-json\/wp\/v2\/posts\/1\/revisions"}],"predecessor-version":[{"id":106,"href":"https:\/\/afv-groupe.fr\/index.php\/wp-json\/wp\/v2\/posts\/1\/revisions\/106"}],"wp:featuredmedia":[{"embeddable":true,"href":"https:\/\/afv-groupe.fr\/index.php\/wp-json\/wp\/v2\/media\/100"}],"wp:attachment":[{"href":"https:\/\/afv-groupe.fr\/index.php\/wp-json\/wp\/v2\/media?parent=1"}],"wp:term":[{"taxonomy":"category","embeddable":true,"href":"https:\/\/afv-groupe.fr\/index.php\/wp-json\/wp\/v2\/categories?post=1"},{"taxonomy":"post_tag","embeddable":true,"href":"https:\/\/afv-groupe.fr\/index.php\/wp-json\/wp\/v2\/tags?post=1"}],"curies":[{"name":"wp","href":"https:\/\/api.w.org\/{rel}","templated":true}]}}