{"id":107,"date":"2019-07-25T16:39:50","date_gmt":"2019-07-25T14:39:50","guid":{"rendered":"http:\/\/afv-groupe.fr\/?p=107"},"modified":"2019-07-26T16:46:39","modified_gmt":"2019-07-26T14:46:39","slug":"rgpd-une-opportunite-pour-les-entreprises","status":"publish","type":"post","link":"https:\/\/afv-groupe.fr\/index.php\/2019\/07\/25\/rgpd-une-opportunite-pour-les-entreprises\/","title":{"rendered":"RGPD : une opportunit\u00e9 pour les entreprises&#8230;"},"content":{"rendered":"<div class=\"wpb-content-wrapper\"><p>[vc_row][vc_column][vc_column_text]<\/p>\n<h4>RGPD : une opportunit\u00e9 pour les entreprises&#8230;<\/h4>\n<p>[\/vc_column_text][vc_column_text]Les premi\u00e8res sanctions du RGPD sont tomb\u00e9es. TPE ou g\u00e9ant du web, personne n\u2019est \u00e9pargn\u00e9 et les exigences du CNIL devraient se durcir. Pour J\u00e9r\u00f4me Ricard, product marketing manager au sein de Cegid, il est temps que les entreprises se saisissent de cette opportunit\u00e9 pour traiter diff\u00e9remment les donn\u00e9es&#8230;[\/vc_column_text][\/vc_column][\/vc_row][vc_row][vc_column][vc_single_image image=\u00a0\u00bb108&Prime; img_size=\u00a0\u00bblarge\u00a0\u00bb][\/vc_column][\/vc_row][vc_row][vc_column]<div class=\" ubtn-ctn-center \"><a class=\"ubtn-link ult-adjust-bottom-margin ubtn-center ubtn-normal \" href=\"https:\/\/www.lesechos.fr\/idees-debats\/cercle\/opinion-rgpd-une-opportunite-pour-les-entreprises-de-traiter-differemment-les-donnees-1036733\" target=\"_blank\" rel=\"noopener\" ><button type=\"button\" id=\"ubtn-2639\"  class=\"ubtn ult-adjust-bottom-margin ult-responsive ubtn-normal ubtn-fade-bg  ulta-push  ubtn-center   tooltip-69f2bb0fa5658\"  data-hover=\"#ffffff\" data-border-color=\"\" data-bg=\"#f08200\" data-hover-bg=\"#283278\" data-border-hover=\"\" data-shadow-hover=\"\" data-shadow-click=\"none\" data-shadow=\"\" data-shd-shadow=\"\"  data-ultimate-target='#ubtn-2639'  data-responsive-json-new='{\"font-size\":\"\",\"line-height\":\"\"}'  style=\"font-weight:normal;border:none;background: #f08200;color: #ffffff;\"><span class=\"ubtn-hover\" style=\"background-color:#283278\"><\/span><span class=\"ubtn-data ubtn-text \" >Lire l&#039;article<\/span><\/button><\/a><\/div>[\/vc_column][\/vc_row]<\/p>\n<\/div>","protected":false},"excerpt":{"rendered":"<p>Les premi\u00e8res sanctions du RGPD sont tomb\u00e9es. TPE ou g\u00e9ant du web, personne n\u2019est \u00e9pargn\u00e9 et les exigences du CNIL devraient se durcir. Pour J\u00e9r\u00f4me Ricard, product marketing manager au sein de Cegid, il est temps que les entreprises se saisissent de cette opportunit\u00e9 pour traiter diff\u00e9remment les donn\u00e9es&#8230;<\/p>\n","protected":false},"author":1,"featured_media":108,"comment_status":"closed","ping_status":"open","sticky":false,"template":"","format":"standard","meta":{"footnotes":""},"categories":[1],"tags":[],"class_list":["post-107","post","type-post","status-publish","format-standard","has-post-thumbnail","hentry","category-non-classe","category-1","description-off"],"_links":{"self":[{"href":"https:\/\/afv-groupe.fr\/index.php\/wp-json\/wp\/v2\/posts\/107","targetHints":{"allow":["GET"]}}],"collection":[{"href":"https:\/\/afv-groupe.fr\/index.php\/wp-json\/wp\/v2\/posts"}],"about":[{"href":"https:\/\/afv-groupe.fr\/index.php\/wp-json\/wp\/v2\/types\/post"}],"author":[{"embeddable":true,"href":"https:\/\/afv-groupe.fr\/index.php\/wp-json\/wp\/v2\/users\/1"}],"replies":[{"embeddable":true,"href":"https:\/\/afv-groupe.fr\/index.php\/wp-json\/wp\/v2\/comments?post=107"}],"version-history":[{"count":2,"href":"https:\/\/afv-groupe.fr\/index.php\/wp-json\/wp\/v2\/posts\/107\/revisions"}],"predecessor-version":[{"id":110,"href":"https:\/\/afv-groupe.fr\/index.php\/wp-json\/wp\/v2\/posts\/107\/revisions\/110"}],"wp:featuredmedia":[{"embeddable":true,"href":"https:\/\/afv-groupe.fr\/index.php\/wp-json\/wp\/v2\/media\/108"}],"wp:attachment":[{"href":"https:\/\/afv-groupe.fr\/index.php\/wp-json\/wp\/v2\/media?parent=107"}],"wp:term":[{"taxonomy":"category","embeddable":true,"href":"https:\/\/afv-groupe.fr\/index.php\/wp-json\/wp\/v2\/categories?post=107"},{"taxonomy":"post_tag","embeddable":true,"href":"https:\/\/afv-groupe.fr\/index.php\/wp-json\/wp\/v2\/tags?post=107"}],"curies":[{"name":"wp","href":"https:\/\/api.w.org\/{rel}","templated":true}]}}